{"id":163,"date":"2023-09-26T18:31:54","date_gmt":"2023-09-26T18:31:54","guid":{"rendered":"https:\/\/semaecajobi.com.br\/?p=163"},"modified":"2023-09-26T18:31:56","modified_gmt":"2023-09-26T18:31:56","slug":"163","status":"publish","type":"post","link":"https:\/\/semaecajobi.com.br\/index.php\/2023\/09\/26\/163\/","title":{"rendered":""},"content":{"rendered":"","protected":false},"excerpt":{"rendered":"<p>\ud83d\udce2 ALERTA \u2013 SEMAE AMBIENTAL\ud83d\udca6<br \/>\nDevido a onda de calor extrema que estamos passando, com temperaturas beirando os 40\u00b0C e umidade baixa, neste final de semana registramos um dos maiores \u00edndices de consumo de \u00e1gua do ano e a redu\u00e7\u00e3o dos n\u00edveis dos po\u00e7os.<br \/>\nAssim, solicitamos a colabora\u00e7\u00e3o da popula\u00e7\u00e3o para que use \u00e1gua com responsabilidade, evitando o desperd\u00edcio.<br \/>\nVeja algumas dicas de consumo consciente, visando garantir o abastecimento sem interrup\u00e7\u00f5es e interfer\u00eancias:<br \/>\nEvite lavagem de cal\u00e7adas;<br \/>\nTome banho r\u00e1pido;<br \/>\nAcumule roupas antes de lavar;<br \/>\nCheque poss\u00edveis vazamentos;<br \/>\nFeche a torneira para lavar as lou\u00e7as;<br \/>\nFeche a torneira ao escovar os dentes.<br \/>\nGr\u00e1fico Demonstrativo do N\u00edvel dos Reservat\u00f3rios.<\/p>\n","protected":false},"author":1,"featured_media":164,"comment_status":"open","ping_status":"open","sticky":false,"template":"","format":"standard","meta":{"footnotes":""},"categories":[5],"tags":[],"class_list":["post-163","post","type-post","status-publish","format-standard","has-post-thumbnail","hentry","category-clique-aqui-e-leia-a-noticia"],"yoast_head":"<!-- This site is optimized with the Yoast SEO plugin v20.4 - https:\/\/yoast.com\/wordpress\/plugins\/seo\/ -->\n<title>- Servi\u00e7o Municipal de Agua e Esgoto de Cajobi<\/title>\n<meta name=\"robots\" content=\"index, follow, max-snippet:-1, max-image-preview:large, max-video-preview:-1\" \/>\n<link rel=\"canonical\" href=\"https:\/\/semaecajobi.com.br\/index.php\/2023\/09\/26\/163\/\" \/>\n<meta property=\"og:locale\" content=\"pt_BR\" \/>\n<meta property=\"og:type\" content=\"article\" \/>\n<meta property=\"og:title\" content=\"- Servi\u00e7o Municipal de Agua e Esgoto de Cajobi\" \/>\n<meta property=\"og:description\" content=\"\ud83d\udce2 ALERTA \u2013 SEMAE AMBIENTAL\ud83d\udca6 Devido a onda de calor extrema que estamos passando, com temperaturas beirando os 40\u00b0C e umidade baixa, neste final de semana registramos um dos maiores \u00edndices de consumo de \u00e1gua do ano e a redu\u00e7\u00e3o dos n\u00edveis dos po\u00e7os. Assim, solicitamos a colabora\u00e7\u00e3o da popula\u00e7\u00e3o para que use \u00e1gua com responsabilidade, evitando o desperd\u00edcio. Veja algumas dicas de consumo consciente, visando garantir o abastecimento sem interrup\u00e7\u00f5es e interfer\u00eancias: Evite lavagem de cal\u00e7adas; Tome banho r\u00e1pido; Acumule roupas antes de lavar; Cheque poss\u00edveis vazamentos; Feche a torneira para lavar as lou\u00e7as; Feche a torneira ao escovar os dentes. Gr\u00e1fico Demonstrativo do N\u00edvel dos Reservat\u00f3rios.\" \/>\n<meta property=\"og:url\" content=\"https:\/\/semaecajobi.com.br\/index.php\/2023\/09\/26\/163\/\" \/>\n<meta property=\"og:site_name\" content=\"Servi\u00e7o Municipal de Agua e Esgoto de Cajobi\" \/>\n<meta property=\"article:published_time\" content=\"2023-09-26T18:31:54+00:00\" \/>\n<meta property=\"article:modified_time\" content=\"2023-09-26T18:31:56+00:00\" \/>\n<meta property=\"og:image\" content=\"https:\/\/semaecajobi.com.br\/wp-content\/uploads\/2023\/09\/grafico.jpg\" \/>\n\t<meta property=\"og:image:width\" content=\"941\" \/>\n\t<meta property=\"og:image:height\" content=\"452\" \/>\n\t<meta property=\"og:image:type\" content=\"image\/jpeg\" \/>\n<meta name=\"author\" content=\"admin\" \/>\n<meta name=\"twitter:card\" content=\"summary_large_image\" \/>\n<meta name=\"twitter:label1\" content=\"Escrito por\" \/>\n\t<meta name=\"twitter:data1\" content=\"admin\" \/>\n<script type=\"application\/ld+json\" class=\"yoast-schema-graph\">{\"@context\":\"https:\/\/schema.org\",\"@graph\":[{\"@type\":\"Article\",\"@id\":\"https:\/\/semaecajobi.com.br\/index.php\/2023\/09\/26\/163\/#article\",\"isPartOf\":{\"@id\":\"https:\/\/semaecajobi.com.br\/index.php\/2023\/09\/26\/163\/\"},\"author\":{\"name\":\"admin\",\"@id\":\"https:\/\/semaecajobi.com.br\/#\/schema\/person\/3e6d1a39f992459e673323fc6d9815ba\"},\"headline\":\"Sem t\u00edtulo\",\"datePublished\":\"2023-09-26T18:31:54+00:00\",\"dateModified\":\"2023-09-26T18:31:56+00:00\",\"mainEntityOfPage\":{\"@id\":\"https:\/\/semaecajobi.com.br\/index.php\/2023\/09\/26\/163\/\"},\"wordCount\":0,\"commentCount\":0,\"publisher\":{\"@id\":\"https:\/\/semaecajobi.com.br\/#organization\"},\"articleSection\":[\"CLIQUE AQUI E LEIA A NOT\u00cdCIA\"],\"inLanguage\":\"pt-BR\",\"potentialAction\":[{\"@type\":\"CommentAction\",\"name\":\"Comment\",\"target\":[\"https:\/\/semaecajobi.com.br\/index.php\/2023\/09\/26\/163\/#respond\"]}]},{\"@type\":\"WebPage\",\"@id\":\"https:\/\/semaecajobi.com.br\/index.php\/2023\/09\/26\/163\/\",\"url\":\"https:\/\/semaecajobi.com.br\/index.php\/2023\/09\/26\/163\/\",\"name\":\"- Servi\u00e7o Municipal de Agua e Esgoto de Cajobi\",\"isPartOf\":{\"@id\":\"https:\/\/semaecajobi.com.br\/#website\"},\"datePublished\":\"2023-09-26T18:31:54+00:00\",\"dateModified\":\"2023-09-26T18:31:56+00:00\",\"inLanguage\":\"pt-BR\",\"potentialAction\":[{\"@type\":\"ReadAction\",\"target\":[\"https:\/\/semaecajobi.com.br\/index.php\/2023\/09\/26\/163\/\"]}]},{\"@type\":\"WebSite\",\"@id\":\"https:\/\/semaecajobi.com.br\/#website\",\"url\":\"https:\/\/semaecajobi.com.br\/\",\"name\":\"Servi\u00e7o Municipal de Agua e Esgoto de Cajobi\",\"description\":\"\",\"publisher\":{\"@id\":\"https:\/\/semaecajobi.com.br\/#organization\"},\"potentialAction\":[{\"@type\":\"SearchAction\",\"target\":{\"@type\":\"EntryPoint\",\"urlTemplate\":\"https:\/\/semaecajobi.com.br\/?s={search_term_string}\"},\"query-input\":\"required name=search_term_string\"}],\"inLanguage\":\"pt-BR\"},{\"@type\":\"Organization\",\"@id\":\"https:\/\/semaecajobi.com.br\/#organization\",\"name\":\"Servi\u00e7o Municipal de Agua e Esgoto de Cajobi\",\"url\":\"https:\/\/semaecajobi.com.br\/\",\"logo\":{\"@type\":\"ImageObject\",\"inLanguage\":\"pt-BR\",\"@id\":\"https:\/\/semaecajobi.com.br\/#\/schema\/logo\/image\/\",\"url\":\"https:\/\/semaecajobi.com.br\/wp-content\/uploads\/2023\/04\/cropped-WhatsApp_Image_2023-04-01_at_18_52_12-transformed.png\",\"contentUrl\":\"https:\/\/semaecajobi.com.br\/wp-content\/uploads\/2023\/04\/cropped-WhatsApp_Image_2023-04-01_at_18_52_12-transformed.png\",\"width\":567,\"height\":92,\"caption\":\"Servi\u00e7o Municipal de Agua e Esgoto de Cajobi\"},\"image\":{\"@id\":\"https:\/\/semaecajobi.com.br\/#\/schema\/logo\/image\/\"}},{\"@type\":\"Person\",\"@id\":\"https:\/\/semaecajobi.com.br\/#\/schema\/person\/3e6d1a39f992459e673323fc6d9815ba\",\"name\":\"admin\",\"image\":{\"@type\":\"ImageObject\",\"inLanguage\":\"pt-BR\",\"@id\":\"https:\/\/semaecajobi.com.br\/#\/schema\/person\/image\/\",\"url\":\"https:\/\/secure.gravatar.com\/avatar\/a4fb38ff4a1ab3107ee497c008364d4f9a2de123771dd05224894e26900ac795?s=96&d=mm&r=g\",\"contentUrl\":\"https:\/\/secure.gravatar.com\/avatar\/a4fb38ff4a1ab3107ee497c008364d4f9a2de123771dd05224894e26900ac795?s=96&d=mm&r=g\",\"caption\":\"admin\"},\"sameAs\":[\"https:\/\/semaecajobi.com.br\"],\"url\":\"https:\/\/semaecajobi.com.br\/index.php\/author\/gustavobaldo\/\"}]}<\/script>\n<!-- \/ Yoast SEO plugin. -->","yoast_head_json":{"title":"- Servi\u00e7o Municipal de Agua e Esgoto de Cajobi","robots":{"index":"index","follow":"follow","max-snippet":"max-snippet:-1","max-image-preview":"max-image-preview:large","max-video-preview":"max-video-preview:-1"},"canonical":"https:\/\/semaecajobi.com.br\/index.php\/2023\/09\/26\/163\/","og_locale":"pt_BR","og_type":"article","og_title":"- Servi\u00e7o Municipal de Agua e Esgoto de Cajobi","og_description":"\ud83d\udce2 ALERTA \u2013 SEMAE AMBIENTAL\ud83d\udca6 Devido a onda de calor extrema que estamos passando, com temperaturas beirando os 40\u00b0C e umidade baixa, neste final de semana registramos um dos maiores \u00edndices de consumo de \u00e1gua do ano e a redu\u00e7\u00e3o dos n\u00edveis dos po\u00e7os. Assim, solicitamos a colabora\u00e7\u00e3o da popula\u00e7\u00e3o para que use \u00e1gua com responsabilidade, evitando o desperd\u00edcio. Veja algumas dicas de consumo consciente, visando garantir o abastecimento sem interrup\u00e7\u00f5es e interfer\u00eancias: Evite lavagem de cal\u00e7adas; Tome banho r\u00e1pido; Acumule roupas antes de lavar; Cheque poss\u00edveis vazamentos; Feche a torneira para lavar as lou\u00e7as; Feche a torneira ao escovar os dentes. Gr\u00e1fico Demonstrativo do N\u00edvel dos Reservat\u00f3rios.","og_url":"https:\/\/semaecajobi.com.br\/index.php\/2023\/09\/26\/163\/","og_site_name":"Servi\u00e7o Municipal de Agua e Esgoto de Cajobi","article_published_time":"2023-09-26T18:31:54+00:00","article_modified_time":"2023-09-26T18:31:56+00:00","og_image":[{"width":941,"height":452,"url":"https:\/\/semaecajobi.com.br\/wp-content\/uploads\/2023\/09\/grafico.jpg","type":"image\/jpeg"}],"author":"admin","twitter_card":"summary_large_image","twitter_misc":{"Escrito por":"admin"},"schema":{"@context":"https:\/\/schema.org","@graph":[{"@type":"Article","@id":"https:\/\/semaecajobi.com.br\/index.php\/2023\/09\/26\/163\/#article","isPartOf":{"@id":"https:\/\/semaecajobi.com.br\/index.php\/2023\/09\/26\/163\/"},"author":{"name":"admin","@id":"https:\/\/semaecajobi.com.br\/#\/schema\/person\/3e6d1a39f992459e673323fc6d9815ba"},"headline":"Sem t\u00edtulo","datePublished":"2023-09-26T18:31:54+00:00","dateModified":"2023-09-26T18:31:56+00:00","mainEntityOfPage":{"@id":"https:\/\/semaecajobi.com.br\/index.php\/2023\/09\/26\/163\/"},"wordCount":0,"commentCount":0,"publisher":{"@id":"https:\/\/semaecajobi.com.br\/#organization"},"articleSection":["CLIQUE AQUI E LEIA A NOT\u00cdCIA"],"inLanguage":"pt-BR","potentialAction":[{"@type":"CommentAction","name":"Comment","target":["https:\/\/semaecajobi.com.br\/index.php\/2023\/09\/26\/163\/#respond"]}]},{"@type":"WebPage","@id":"https:\/\/semaecajobi.com.br\/index.php\/2023\/09\/26\/163\/","url":"https:\/\/semaecajobi.com.br\/index.php\/2023\/09\/26\/163\/","name":"- Servi\u00e7o Municipal de Agua e Esgoto de Cajobi","isPartOf":{"@id":"https:\/\/semaecajobi.com.br\/#website"},"datePublished":"2023-09-26T18:31:54+00:00","dateModified":"2023-09-26T18:31:56+00:00","inLanguage":"pt-BR","potentialAction":[{"@type":"ReadAction","target":["https:\/\/semaecajobi.com.br\/index.php\/2023\/09\/26\/163\/"]}]},{"@type":"WebSite","@id":"https:\/\/semaecajobi.com.br\/#website","url":"https:\/\/semaecajobi.com.br\/","name":"Servi\u00e7o Municipal de Agua e Esgoto de Cajobi","description":"","publisher":{"@id":"https:\/\/semaecajobi.com.br\/#organization"},"potentialAction":[{"@type":"SearchAction","target":{"@type":"EntryPoint","urlTemplate":"https:\/\/semaecajobi.com.br\/?s={search_term_string}"},"query-input":"required name=search_term_string"}],"inLanguage":"pt-BR"},{"@type":"Organization","@id":"https:\/\/semaecajobi.com.br\/#organization","name":"Servi\u00e7o Municipal de Agua e Esgoto de Cajobi","url":"https:\/\/semaecajobi.com.br\/","logo":{"@type":"ImageObject","inLanguage":"pt-BR","@id":"https:\/\/semaecajobi.com.br\/#\/schema\/logo\/image\/","url":"https:\/\/semaecajobi.com.br\/wp-content\/uploads\/2023\/04\/cropped-WhatsApp_Image_2023-04-01_at_18_52_12-transformed.png","contentUrl":"https:\/\/semaecajobi.com.br\/wp-content\/uploads\/2023\/04\/cropped-WhatsApp_Image_2023-04-01_at_18_52_12-transformed.png","width":567,"height":92,"caption":"Servi\u00e7o Municipal de Agua e Esgoto de Cajobi"},"image":{"@id":"https:\/\/semaecajobi.com.br\/#\/schema\/logo\/image\/"}},{"@type":"Person","@id":"https:\/\/semaecajobi.com.br\/#\/schema\/person\/3e6d1a39f992459e673323fc6d9815ba","name":"admin","image":{"@type":"ImageObject","inLanguage":"pt-BR","@id":"https:\/\/semaecajobi.com.br\/#\/schema\/person\/image\/","url":"https:\/\/secure.gravatar.com\/avatar\/a4fb38ff4a1ab3107ee497c008364d4f9a2de123771dd05224894e26900ac795?s=96&d=mm&r=g","contentUrl":"https:\/\/secure.gravatar.com\/avatar\/a4fb38ff4a1ab3107ee497c008364d4f9a2de123771dd05224894e26900ac795?s=96&d=mm&r=g","caption":"admin"},"sameAs":["https:\/\/semaecajobi.com.br"],"url":"https:\/\/semaecajobi.com.br\/index.php\/author\/gustavobaldo\/"}]}},"_links":{"self":[{"href":"https:\/\/semaecajobi.com.br\/index.php\/wp-json\/wp\/v2\/posts\/163","targetHints":{"allow":["GET"]}}],"collection":[{"href":"https:\/\/semaecajobi.com.br\/index.php\/wp-json\/wp\/v2\/posts"}],"about":[{"href":"https:\/\/semaecajobi.com.br\/index.php\/wp-json\/wp\/v2\/types\/post"}],"author":[{"embeddable":true,"href":"https:\/\/semaecajobi.com.br\/index.php\/wp-json\/wp\/v2\/users\/1"}],"replies":[{"embeddable":true,"href":"https:\/\/semaecajobi.com.br\/index.php\/wp-json\/wp\/v2\/comments?post=163"}],"version-history":[{"count":1,"href":"https:\/\/semaecajobi.com.br\/index.php\/wp-json\/wp\/v2\/posts\/163\/revisions"}],"predecessor-version":[{"id":165,"href":"https:\/\/semaecajobi.com.br\/index.php\/wp-json\/wp\/v2\/posts\/163\/revisions\/165"}],"wp:featuredmedia":[{"embeddable":true,"href":"https:\/\/semaecajobi.com.br\/index.php\/wp-json\/wp\/v2\/media\/164"}],"wp:attachment":[{"href":"https:\/\/semaecajobi.com.br\/index.php\/wp-json\/wp\/v2\/media?parent=163"}],"wp:term":[{"taxonomy":"category","embeddable":true,"href":"https:\/\/semaecajobi.com.br\/index.php\/wp-json\/wp\/v2\/categories?post=163"},{"taxonomy":"post_tag","embeddable":true,"href":"https:\/\/semaecajobi.com.br\/index.php\/wp-json\/wp\/v2\/tags?post=163"}],"curies":[{"name":"wp","href":"https:\/\/api.w.org\/{rel}","templated":true}]}}