{"id":199,"date":"2024-03-01T19:39:28","date_gmt":"2024-03-01T19:39:28","guid":{"rendered":"https:\/\/semaecajobi.com.br\/?p=199"},"modified":"2024-03-01T19:50:09","modified_gmt":"2024-03-01T19:50:09","slug":"comdec-recebe-equipamentos-do-programa-acao-de-aparelhamento-da-defesa-civil","status":"publish","type":"post","link":"https:\/\/semaecajobi.com.br\/index.php\/2024\/03\/01\/comdec-recebe-equipamentos-do-programa-acao-de-aparelhamento-da-defesa-civil\/","title":{"rendered":"COMDEC recebe equipamentos  do \u201cPrograma A\u00e7\u00e3o de Aparelhamento\u201d da Defesa Civil"},"content":{"rendered":"\n<h2 class=\"wp-block-heading\"><\/h2>\n\n\n\n<blockquote class=\"wp-block-quote is-layout-flow wp-block-quote-is-layout-flow\"><cite>A Coordenadoria Municipal de Defesa Civil de Cajobi (COMDEC) recebe equipamentos da segunda etapa do \u201cPrograma A\u00e7\u00e3o de Aparelhamento\u201d promovido pela Defesa Civil do Estado de S\u00e3o Paulo.<br>Na ocasi\u00e3o o COMDEC recebeu um kit para combate a inc\u00eandios compostos por um Conjunto de Combate para Pick-up &#8211; Tanque R\u00edgido 600L, um soprador e uma motosserra para que os agentes municipais possam atuar na preven\u00e7\u00e3o e mitiga\u00e7\u00e3o de desastres naturais.<\/cite><\/blockquote>\n","protected":false},"excerpt":{"rendered":"<p>A Coordenadoria Municipal de Defesa Civil de Cajobi (COMDEC) recebe equipamentos da segunda etapa do \u201cPrograma A\u00e7\u00e3o de Aparelhamento\u201d promovido pela Defesa Civil do Estado de S\u00e3o Paulo.<br \/>\nNa ocasi\u00e3o o COMDEC recebeu um kit para combate a inc\u00eandios compostos por um Conjunto de Combate para Pick-up &#8211; Tanque R\u00edgido 600L, um soprador e uma motosserra para que os agentes municipais possam atuar na preven\u00e7\u00e3o e mitiga\u00e7\u00e3o de desastres naturais.<\/p>\n","protected":false},"author":1,"featured_media":200,"comment_status":"open","ping_status":"open","sticky":false,"template":"","format":"standard","meta":{"footnotes":""},"categories":[6],"tags":[],"class_list":["post-199","post","type-post","status-publish","format-standard","has-post-thumbnail","hentry","category-comdec-recebe-equipamentos-do-programa-acao-de-aparelhamento-da-defesa-civil"],"yoast_head":"<!-- This site is optimized with the Yoast SEO plugin v20.4 - https:\/\/yoast.com\/wordpress\/plugins\/seo\/ -->\n<title>COMDEC recebe equipamentos do \u201cPrograma A\u00e7\u00e3o de Aparelhamento\u201d da Defesa Civil - Servi\u00e7o Municipal de Agua e Esgoto de Cajobi<\/title>\n<meta name=\"robots\" content=\"index, follow, max-snippet:-1, max-image-preview:large, max-video-preview:-1\" \/>\n<link rel=\"canonical\" href=\"https:\/\/semaecajobi.com.br\/index.php\/2024\/03\/01\/comdec-recebe-equipamentos-do-programa-acao-de-aparelhamento-da-defesa-civil\/\" \/>\n<meta property=\"og:locale\" content=\"pt_BR\" \/>\n<meta property=\"og:type\" content=\"article\" \/>\n<meta property=\"og:title\" content=\"COMDEC recebe equipamentos do \u201cPrograma A\u00e7\u00e3o de Aparelhamento\u201d da Defesa Civil - Servi\u00e7o Municipal de Agua e Esgoto de Cajobi\" \/>\n<meta property=\"og:description\" content=\"A Coordenadoria Municipal de Defesa Civil de Cajobi (COMDEC) recebe equipamentos da segunda etapa do \u201cPrograma A\u00e7\u00e3o de Aparelhamento\u201d promovido pela Defesa Civil do Estado de S\u00e3o Paulo. Na ocasi\u00e3o o COMDEC recebeu um kit para combate a inc\u00eandios compostos por um Conjunto de Combate para Pick-up - Tanque R\u00edgido 600L, um soprador e uma motosserra para que os agentes municipais possam atuar na preven\u00e7\u00e3o e mitiga\u00e7\u00e3o de desastres naturais.\" \/>\n<meta property=\"og:url\" content=\"https:\/\/semaecajobi.com.br\/index.php\/2024\/03\/01\/comdec-recebe-equipamentos-do-programa-acao-de-aparelhamento-da-defesa-civil\/\" \/>\n<meta property=\"og:site_name\" content=\"Servi\u00e7o Municipal de Agua e Esgoto de Cajobi\" \/>\n<meta property=\"article:published_time\" content=\"2024-03-01T19:39:28+00:00\" \/>\n<meta property=\"article:modified_time\" content=\"2024-03-01T19:50:09+00:00\" \/>\n<meta property=\"og:image\" content=\"https:\/\/semaecajobi.com.br\/wp-content\/uploads\/2024\/03\/2.jpg\" \/>\n\t<meta property=\"og:image:width\" content=\"2000\" \/>\n\t<meta property=\"og:image:height\" content=\"1600\" \/>\n\t<meta property=\"og:image:type\" content=\"image\/jpeg\" \/>\n<meta name=\"author\" content=\"admin\" \/>\n<meta name=\"twitter:card\" content=\"summary_large_image\" \/>\n<meta name=\"twitter:label1\" content=\"Escrito por\" \/>\n\t<meta name=\"twitter:data1\" content=\"admin\" \/>\n\t<meta name=\"twitter:label2\" content=\"Est. tempo de leitura\" \/>\n\t<meta name=\"twitter:data2\" content=\"1 minuto\" \/>\n<script type=\"application\/ld+json\" class=\"yoast-schema-graph\">{\"@context\":\"https:\/\/schema.org\",\"@graph\":[{\"@type\":\"Article\",\"@id\":\"https:\/\/semaecajobi.com.br\/index.php\/2024\/03\/01\/comdec-recebe-equipamentos-do-programa-acao-de-aparelhamento-da-defesa-civil\/#article\",\"isPartOf\":{\"@id\":\"https:\/\/semaecajobi.com.br\/index.php\/2024\/03\/01\/comdec-recebe-equipamentos-do-programa-acao-de-aparelhamento-da-defesa-civil\/\"},\"author\":{\"name\":\"admin\",\"@id\":\"https:\/\/semaecajobi.com.br\/#\/schema\/person\/3e6d1a39f992459e673323fc6d9815ba\"},\"headline\":\"COMDEC recebe equipamentos do \u201cPrograma A\u00e7\u00e3o de Aparelhamento\u201d da Defesa Civil\",\"datePublished\":\"2024-03-01T19:39:28+00:00\",\"dateModified\":\"2024-03-01T19:50:09+00:00\",\"mainEntityOfPage\":{\"@id\":\"https:\/\/semaecajobi.com.br\/index.php\/2024\/03\/01\/comdec-recebe-equipamentos-do-programa-acao-de-aparelhamento-da-defesa-civil\/\"},\"wordCount\":89,\"commentCount\":0,\"publisher\":{\"@id\":\"https:\/\/semaecajobi.com.br\/#organization\"},\"articleSection\":[\"COMDEC recebe equipamentos do \u201cPrograma A\u00e7\u00e3o de Aparelhamento\u201d da Defesa Civil\"],\"inLanguage\":\"pt-BR\",\"potentialAction\":[{\"@type\":\"CommentAction\",\"name\":\"Comment\",\"target\":[\"https:\/\/semaecajobi.com.br\/index.php\/2024\/03\/01\/comdec-recebe-equipamentos-do-programa-acao-de-aparelhamento-da-defesa-civil\/#respond\"]}]},{\"@type\":\"WebPage\",\"@id\":\"https:\/\/semaecajobi.com.br\/index.php\/2024\/03\/01\/comdec-recebe-equipamentos-do-programa-acao-de-aparelhamento-da-defesa-civil\/\",\"url\":\"https:\/\/semaecajobi.com.br\/index.php\/2024\/03\/01\/comdec-recebe-equipamentos-do-programa-acao-de-aparelhamento-da-defesa-civil\/\",\"name\":\"COMDEC recebe equipamentos do \u201cPrograma A\u00e7\u00e3o de Aparelhamento\u201d da Defesa Civil - Servi\u00e7o Municipal de Agua e Esgoto de Cajobi\",\"isPartOf\":{\"@id\":\"https:\/\/semaecajobi.com.br\/#website\"},\"datePublished\":\"2024-03-01T19:39:28+00:00\",\"dateModified\":\"2024-03-01T19:50:09+00:00\",\"breadcrumb\":{\"@id\":\"https:\/\/semaecajobi.com.br\/index.php\/2024\/03\/01\/comdec-recebe-equipamentos-do-programa-acao-de-aparelhamento-da-defesa-civil\/#breadcrumb\"},\"inLanguage\":\"pt-BR\",\"potentialAction\":[{\"@type\":\"ReadAction\",\"target\":[\"https:\/\/semaecajobi.com.br\/index.php\/2024\/03\/01\/comdec-recebe-equipamentos-do-programa-acao-de-aparelhamento-da-defesa-civil\/\"]}]},{\"@type\":\"BreadcrumbList\",\"@id\":\"https:\/\/semaecajobi.com.br\/index.php\/2024\/03\/01\/comdec-recebe-equipamentos-do-programa-acao-de-aparelhamento-da-defesa-civil\/#breadcrumb\",\"itemListElement\":[{\"@type\":\"ListItem\",\"position\":1,\"name\":\"In\u00edcio\",\"item\":\"https:\/\/semaecajobi.com.br\/\"},{\"@type\":\"ListItem\",\"position\":2,\"name\":\"COMDEC recebe equipamentos do \u201cPrograma A\u00e7\u00e3o de Aparelhamento\u201d da Defesa Civil\"}]},{\"@type\":\"WebSite\",\"@id\":\"https:\/\/semaecajobi.com.br\/#website\",\"url\":\"https:\/\/semaecajobi.com.br\/\",\"name\":\"Servi\u00e7o Municipal de Agua e Esgoto de Cajobi\",\"description\":\"\",\"publisher\":{\"@id\":\"https:\/\/semaecajobi.com.br\/#organization\"},\"potentialAction\":[{\"@type\":\"SearchAction\",\"target\":{\"@type\":\"EntryPoint\",\"urlTemplate\":\"https:\/\/semaecajobi.com.br\/?s={search_term_string}\"},\"query-input\":\"required name=search_term_string\"}],\"inLanguage\":\"pt-BR\"},{\"@type\":\"Organization\",\"@id\":\"https:\/\/semaecajobi.com.br\/#organization\",\"name\":\"Servi\u00e7o Municipal de Agua e Esgoto de Cajobi\",\"url\":\"https:\/\/semaecajobi.com.br\/\",\"logo\":{\"@type\":\"ImageObject\",\"inLanguage\":\"pt-BR\",\"@id\":\"https:\/\/semaecajobi.com.br\/#\/schema\/logo\/image\/\",\"url\":\"https:\/\/semaecajobi.com.br\/wp-content\/uploads\/2023\/04\/cropped-WhatsApp_Image_2023-04-01_at_18_52_12-transformed.png\",\"contentUrl\":\"https:\/\/semaecajobi.com.br\/wp-content\/uploads\/2023\/04\/cropped-WhatsApp_Image_2023-04-01_at_18_52_12-transformed.png\",\"width\":567,\"height\":92,\"caption\":\"Servi\u00e7o Municipal de Agua e Esgoto de Cajobi\"},\"image\":{\"@id\":\"https:\/\/semaecajobi.com.br\/#\/schema\/logo\/image\/\"}},{\"@type\":\"Person\",\"@id\":\"https:\/\/semaecajobi.com.br\/#\/schema\/person\/3e6d1a39f992459e673323fc6d9815ba\",\"name\":\"admin\",\"image\":{\"@type\":\"ImageObject\",\"inLanguage\":\"pt-BR\",\"@id\":\"https:\/\/semaecajobi.com.br\/#\/schema\/person\/image\/\",\"url\":\"https:\/\/secure.gravatar.com\/avatar\/a4fb38ff4a1ab3107ee497c008364d4f9a2de123771dd05224894e26900ac795?s=96&d=mm&r=g\",\"contentUrl\":\"https:\/\/secure.gravatar.com\/avatar\/a4fb38ff4a1ab3107ee497c008364d4f9a2de123771dd05224894e26900ac795?s=96&d=mm&r=g\",\"caption\":\"admin\"},\"sameAs\":[\"https:\/\/semaecajobi.com.br\"],\"url\":\"https:\/\/semaecajobi.com.br\/index.php\/author\/gustavobaldo\/\"}]}<\/script>\n<!-- \/ Yoast SEO plugin. -->","yoast_head_json":{"title":"COMDEC recebe equipamentos do \u201cPrograma A\u00e7\u00e3o de Aparelhamento\u201d da Defesa Civil - Servi\u00e7o Municipal de Agua e Esgoto de Cajobi","robots":{"index":"index","follow":"follow","max-snippet":"max-snippet:-1","max-image-preview":"max-image-preview:large","max-video-preview":"max-video-preview:-1"},"canonical":"https:\/\/semaecajobi.com.br\/index.php\/2024\/03\/01\/comdec-recebe-equipamentos-do-programa-acao-de-aparelhamento-da-defesa-civil\/","og_locale":"pt_BR","og_type":"article","og_title":"COMDEC recebe equipamentos do \u201cPrograma A\u00e7\u00e3o de Aparelhamento\u201d da Defesa Civil - Servi\u00e7o Municipal de Agua e Esgoto de Cajobi","og_description":"A Coordenadoria Municipal de Defesa Civil de Cajobi (COMDEC) recebe equipamentos da segunda etapa do \u201cPrograma A\u00e7\u00e3o de Aparelhamento\u201d promovido pela Defesa Civil do Estado de S\u00e3o Paulo. Na ocasi\u00e3o o COMDEC recebeu um kit para combate a inc\u00eandios compostos por um Conjunto de Combate para Pick-up - Tanque R\u00edgido 600L, um soprador e uma motosserra para que os agentes municipais possam atuar na preven\u00e7\u00e3o e mitiga\u00e7\u00e3o de desastres naturais.","og_url":"https:\/\/semaecajobi.com.br\/index.php\/2024\/03\/01\/comdec-recebe-equipamentos-do-programa-acao-de-aparelhamento-da-defesa-civil\/","og_site_name":"Servi\u00e7o Municipal de Agua e Esgoto de Cajobi","article_published_time":"2024-03-01T19:39:28+00:00","article_modified_time":"2024-03-01T19:50:09+00:00","og_image":[{"width":2000,"height":1600,"url":"https:\/\/semaecajobi.com.br\/wp-content\/uploads\/2024\/03\/2.jpg","type":"image\/jpeg"}],"author":"admin","twitter_card":"summary_large_image","twitter_misc":{"Escrito por":"admin","Est. tempo de leitura":"1 minuto"},"schema":{"@context":"https:\/\/schema.org","@graph":[{"@type":"Article","@id":"https:\/\/semaecajobi.com.br\/index.php\/2024\/03\/01\/comdec-recebe-equipamentos-do-programa-acao-de-aparelhamento-da-defesa-civil\/#article","isPartOf":{"@id":"https:\/\/semaecajobi.com.br\/index.php\/2024\/03\/01\/comdec-recebe-equipamentos-do-programa-acao-de-aparelhamento-da-defesa-civil\/"},"author":{"name":"admin","@id":"https:\/\/semaecajobi.com.br\/#\/schema\/person\/3e6d1a39f992459e673323fc6d9815ba"},"headline":"COMDEC recebe equipamentos do \u201cPrograma A\u00e7\u00e3o de Aparelhamento\u201d da Defesa Civil","datePublished":"2024-03-01T19:39:28+00:00","dateModified":"2024-03-01T19:50:09+00:00","mainEntityOfPage":{"@id":"https:\/\/semaecajobi.com.br\/index.php\/2024\/03\/01\/comdec-recebe-equipamentos-do-programa-acao-de-aparelhamento-da-defesa-civil\/"},"wordCount":89,"commentCount":0,"publisher":{"@id":"https:\/\/semaecajobi.com.br\/#organization"},"articleSection":["COMDEC recebe equipamentos do \u201cPrograma A\u00e7\u00e3o de Aparelhamento\u201d da Defesa Civil"],"inLanguage":"pt-BR","potentialAction":[{"@type":"CommentAction","name":"Comment","target":["https:\/\/semaecajobi.com.br\/index.php\/2024\/03\/01\/comdec-recebe-equipamentos-do-programa-acao-de-aparelhamento-da-defesa-civil\/#respond"]}]},{"@type":"WebPage","@id":"https:\/\/semaecajobi.com.br\/index.php\/2024\/03\/01\/comdec-recebe-equipamentos-do-programa-acao-de-aparelhamento-da-defesa-civil\/","url":"https:\/\/semaecajobi.com.br\/index.php\/2024\/03\/01\/comdec-recebe-equipamentos-do-programa-acao-de-aparelhamento-da-defesa-civil\/","name":"COMDEC recebe equipamentos do \u201cPrograma A\u00e7\u00e3o de Aparelhamento\u201d da Defesa Civil - Servi\u00e7o Municipal de Agua e Esgoto de Cajobi","isPartOf":{"@id":"https:\/\/semaecajobi.com.br\/#website"},"datePublished":"2024-03-01T19:39:28+00:00","dateModified":"2024-03-01T19:50:09+00:00","breadcrumb":{"@id":"https:\/\/semaecajobi.com.br\/index.php\/2024\/03\/01\/comdec-recebe-equipamentos-do-programa-acao-de-aparelhamento-da-defesa-civil\/#breadcrumb"},"inLanguage":"pt-BR","potentialAction":[{"@type":"ReadAction","target":["https:\/\/semaecajobi.com.br\/index.php\/2024\/03\/01\/comdec-recebe-equipamentos-do-programa-acao-de-aparelhamento-da-defesa-civil\/"]}]},{"@type":"BreadcrumbList","@id":"https:\/\/semaecajobi.com.br\/index.php\/2024\/03\/01\/comdec-recebe-equipamentos-do-programa-acao-de-aparelhamento-da-defesa-civil\/#breadcrumb","itemListElement":[{"@type":"ListItem","position":1,"name":"In\u00edcio","item":"https:\/\/semaecajobi.com.br\/"},{"@type":"ListItem","position":2,"name":"COMDEC recebe equipamentos do \u201cPrograma A\u00e7\u00e3o de Aparelhamento\u201d da Defesa Civil"}]},{"@type":"WebSite","@id":"https:\/\/semaecajobi.com.br\/#website","url":"https:\/\/semaecajobi.com.br\/","name":"Servi\u00e7o Municipal de Agua e Esgoto de Cajobi","description":"","publisher":{"@id":"https:\/\/semaecajobi.com.br\/#organization"},"potentialAction":[{"@type":"SearchAction","target":{"@type":"EntryPoint","urlTemplate":"https:\/\/semaecajobi.com.br\/?s={search_term_string}"},"query-input":"required name=search_term_string"}],"inLanguage":"pt-BR"},{"@type":"Organization","@id":"https:\/\/semaecajobi.com.br\/#organization","name":"Servi\u00e7o Municipal de Agua e Esgoto de Cajobi","url":"https:\/\/semaecajobi.com.br\/","logo":{"@type":"ImageObject","inLanguage":"pt-BR","@id":"https:\/\/semaecajobi.com.br\/#\/schema\/logo\/image\/","url":"https:\/\/semaecajobi.com.br\/wp-content\/uploads\/2023\/04\/cropped-WhatsApp_Image_2023-04-01_at_18_52_12-transformed.png","contentUrl":"https:\/\/semaecajobi.com.br\/wp-content\/uploads\/2023\/04\/cropped-WhatsApp_Image_2023-04-01_at_18_52_12-transformed.png","width":567,"height":92,"caption":"Servi\u00e7o Municipal de Agua e Esgoto de Cajobi"},"image":{"@id":"https:\/\/semaecajobi.com.br\/#\/schema\/logo\/image\/"}},{"@type":"Person","@id":"https:\/\/semaecajobi.com.br\/#\/schema\/person\/3e6d1a39f992459e673323fc6d9815ba","name":"admin","image":{"@type":"ImageObject","inLanguage":"pt-BR","@id":"https:\/\/semaecajobi.com.br\/#\/schema\/person\/image\/","url":"https:\/\/secure.gravatar.com\/avatar\/a4fb38ff4a1ab3107ee497c008364d4f9a2de123771dd05224894e26900ac795?s=96&d=mm&r=g","contentUrl":"https:\/\/secure.gravatar.com\/avatar\/a4fb38ff4a1ab3107ee497c008364d4f9a2de123771dd05224894e26900ac795?s=96&d=mm&r=g","caption":"admin"},"sameAs":["https:\/\/semaecajobi.com.br"],"url":"https:\/\/semaecajobi.com.br\/index.php\/author\/gustavobaldo\/"}]}},"_links":{"self":[{"href":"https:\/\/semaecajobi.com.br\/index.php\/wp-json\/wp\/v2\/posts\/199","targetHints":{"allow":["GET"]}}],"collection":[{"href":"https:\/\/semaecajobi.com.br\/index.php\/wp-json\/wp\/v2\/posts"}],"about":[{"href":"https:\/\/semaecajobi.com.br\/index.php\/wp-json\/wp\/v2\/types\/post"}],"author":[{"embeddable":true,"href":"https:\/\/semaecajobi.com.br\/index.php\/wp-json\/wp\/v2\/users\/1"}],"replies":[{"embeddable":true,"href":"https:\/\/semaecajobi.com.br\/index.php\/wp-json\/wp\/v2\/comments?post=199"}],"version-history":[{"count":3,"href":"https:\/\/semaecajobi.com.br\/index.php\/wp-json\/wp\/v2\/posts\/199\/revisions"}],"predecessor-version":[{"id":206,"href":"https:\/\/semaecajobi.com.br\/index.php\/wp-json\/wp\/v2\/posts\/199\/revisions\/206"}],"wp:featuredmedia":[{"embeddable":true,"href":"https:\/\/semaecajobi.com.br\/index.php\/wp-json\/wp\/v2\/media\/200"}],"wp:attachment":[{"href":"https:\/\/semaecajobi.com.br\/index.php\/wp-json\/wp\/v2\/media?parent=199"}],"wp:term":[{"taxonomy":"category","embeddable":true,"href":"https:\/\/semaecajobi.com.br\/index.php\/wp-json\/wp\/v2\/categories?post=199"},{"taxonomy":"post_tag","embeddable":true,"href":"https:\/\/semaecajobi.com.br\/index.php\/wp-json\/wp\/v2\/tags?post=199"}],"curies":[{"name":"wp","href":"https:\/\/api.w.org\/{rel}","templated":true}]}}