{"id":241,"date":"2024-04-12T18:16:40","date_gmt":"2024-04-12T18:16:40","guid":{"rendered":"https:\/\/semaecajobi.com.br\/?p=241"},"modified":"2024-04-12T18:16:43","modified_gmt":"2024-04-12T18:16:43","slug":"formacao-e-treinamento-da-brigada-de-incendios-e-defesa-civil","status":"publish","type":"post","link":"https:\/\/semaecajobi.com.br\/index.php\/2024\/04\/12\/formacao-e-treinamento-da-brigada-de-incendios-e-defesa-civil\/","title":{"rendered":"FORMA\u00c7\u00c3O E TREINAMENTO DA BRIGADA DE INC\u00caNDIOS E DEFESA CIVIL"},"content":{"rendered":"\n<p>Na \u00faltima quinta-feira (11\/04), a Coordenadoria Municipal de Defesa Civil de Cajobi (COMDEC), Departamento de Meio Ambiente em parceria com o Corpo de Bombeiros da Cidade de Ol\u00edmpia promoveram a \u201c1\u00b0 Etapa de Forma\u00e7\u00e3o e Treinamento da Brigada de Inc\u00eandios e Defesa Civil\u201d. Na ocasi\u00e3o o Bombeiro SD Thiago Pasqual abordou temas como: a import\u00e2ncia da forma\u00e7\u00e3o da brigada e defesa civil para a comunidade, integra\u00e7\u00e3o do grupo da defesa civil de Cajobi com cidades vizinhas, comportamento do fogo, t\u00e9cnicas de combate a inc\u00eandio. Al\u00e9m disso foram demonstrados os equipamentos e o funcionamento dos equipamentos recebidos pela Defesa Civil do Estado de S\u00e3o Paulo.<\/p>\n\n\n\n<p>Nossos agradecimentos ao SD Thiago pelo empenho e comprometimento firmados com o munic\u00edpio, Corpo de Bombeiro de Ol\u00edmpia, C\u00e2mara Municipal pelo espa\u00e7o cedido e a todos que participaram do evento.<\/p>\n","protected":false},"excerpt":{"rendered":"<p>Na \u00faltima quinta-feira (11\/04), a Coordenadoria Municipal de Defesa Civil de Cajobi (COMDEC), Departamento de Meio Ambiente em parceria com o Corpo de Bombeiros da Cidade de Ol\u00edmpia promoveram a \u201c1\u00b0 Etapa de Forma\u00e7\u00e3o e Treinamento da Brigada de Inc\u00eandios e Defesa Civil\u201d. Na ocasi\u00e3o o Bombeiro SD Thiago Pasqual [&hellip;]<\/p>\n","protected":false},"author":1,"featured_media":236,"comment_status":"open","ping_status":"open","sticky":false,"template":"","format":"standard","meta":{"footnotes":""},"categories":[5],"tags":[],"class_list":["post-241","post","type-post","status-publish","format-standard","has-post-thumbnail","hentry","category-clique-aqui-e-leia-a-noticia"],"yoast_head":"<!-- This site is optimized with the Yoast SEO plugin v20.4 - https:\/\/yoast.com\/wordpress\/plugins\/seo\/ -->\n<title>FORMA\u00c7\u00c3O E TREINAMENTO DA BRIGADA DE INC\u00caNDIOS E DEFESA CIVIL - Servi\u00e7o Municipal de Agua e Esgoto de Cajobi<\/title>\n<meta name=\"robots\" content=\"index, follow, max-snippet:-1, max-image-preview:large, max-video-preview:-1\" \/>\n<link rel=\"canonical\" href=\"https:\/\/semaecajobi.com.br\/index.php\/2024\/04\/12\/formacao-e-treinamento-da-brigada-de-incendios-e-defesa-civil\/\" \/>\n<meta property=\"og:locale\" content=\"pt_BR\" \/>\n<meta property=\"og:type\" content=\"article\" \/>\n<meta property=\"og:title\" content=\"FORMA\u00c7\u00c3O E TREINAMENTO DA BRIGADA DE INC\u00caNDIOS E DEFESA CIVIL - Servi\u00e7o Municipal de Agua e Esgoto de Cajobi\" \/>\n<meta property=\"og:description\" content=\"Na \u00faltima quinta-feira (11\/04), a Coordenadoria Municipal de Defesa Civil de Cajobi (COMDEC), Departamento de Meio Ambiente em parceria com o Corpo de Bombeiros da Cidade de Ol\u00edmpia promoveram a \u201c1\u00b0 Etapa de Forma\u00e7\u00e3o e Treinamento da Brigada de Inc\u00eandios e Defesa Civil\u201d. Na ocasi\u00e3o o Bombeiro SD Thiago Pasqual [&hellip;]\" \/>\n<meta property=\"og:url\" content=\"https:\/\/semaecajobi.com.br\/index.php\/2024\/04\/12\/formacao-e-treinamento-da-brigada-de-incendios-e-defesa-civil\/\" \/>\n<meta property=\"og:site_name\" content=\"Servi\u00e7o Municipal de Agua e Esgoto de Cajobi\" \/>\n<meta property=\"article:published_time\" content=\"2024-04-12T18:16:40+00:00\" \/>\n<meta property=\"article:modified_time\" content=\"2024-04-12T18:16:43+00:00\" \/>\n<meta property=\"og:image\" content=\"https:\/\/semaecajobi.com.br\/wp-content\/uploads\/2024\/04\/5faa1bf9-6de3-49ad-ae49-dbcf2b1b4432.jpg\" \/>\n\t<meta property=\"og:image:width\" content=\"1600\" \/>\n\t<meta property=\"og:image:height\" content=\"900\" \/>\n\t<meta property=\"og:image:type\" content=\"image\/jpeg\" \/>\n<meta name=\"author\" content=\"admin\" \/>\n<meta name=\"twitter:card\" content=\"summary_large_image\" \/>\n<meta name=\"twitter:label1\" content=\"Escrito por\" \/>\n\t<meta name=\"twitter:data1\" content=\"admin\" \/>\n\t<meta name=\"twitter:label2\" content=\"Est. tempo de leitura\" \/>\n\t<meta name=\"twitter:data2\" content=\"1 minuto\" \/>\n<script type=\"application\/ld+json\" class=\"yoast-schema-graph\">{\"@context\":\"https:\/\/schema.org\",\"@graph\":[{\"@type\":\"Article\",\"@id\":\"https:\/\/semaecajobi.com.br\/index.php\/2024\/04\/12\/formacao-e-treinamento-da-brigada-de-incendios-e-defesa-civil\/#article\",\"isPartOf\":{\"@id\":\"https:\/\/semaecajobi.com.br\/index.php\/2024\/04\/12\/formacao-e-treinamento-da-brigada-de-incendios-e-defesa-civil\/\"},\"author\":{\"name\":\"admin\",\"@id\":\"https:\/\/semaecajobi.com.br\/#\/schema\/person\/3e6d1a39f992459e673323fc6d9815ba\"},\"headline\":\"FORMA\u00c7\u00c3O E TREINAMENTO DA BRIGADA DE INC\u00caNDIOS E DEFESA CIVIL\",\"datePublished\":\"2024-04-12T18:16:40+00:00\",\"dateModified\":\"2024-04-12T18:16:43+00:00\",\"mainEntityOfPage\":{\"@id\":\"https:\/\/semaecajobi.com.br\/index.php\/2024\/04\/12\/formacao-e-treinamento-da-brigada-de-incendios-e-defesa-civil\/\"},\"wordCount\":159,\"commentCount\":0,\"publisher\":{\"@id\":\"https:\/\/semaecajobi.com.br\/#organization\"},\"articleSection\":[\"CLIQUE AQUI E LEIA A NOT\u00cdCIA\"],\"inLanguage\":\"pt-BR\",\"potentialAction\":[{\"@type\":\"CommentAction\",\"name\":\"Comment\",\"target\":[\"https:\/\/semaecajobi.com.br\/index.php\/2024\/04\/12\/formacao-e-treinamento-da-brigada-de-incendios-e-defesa-civil\/#respond\"]}]},{\"@type\":\"WebPage\",\"@id\":\"https:\/\/semaecajobi.com.br\/index.php\/2024\/04\/12\/formacao-e-treinamento-da-brigada-de-incendios-e-defesa-civil\/\",\"url\":\"https:\/\/semaecajobi.com.br\/index.php\/2024\/04\/12\/formacao-e-treinamento-da-brigada-de-incendios-e-defesa-civil\/\",\"name\":\"FORMA\u00c7\u00c3O E TREINAMENTO DA BRIGADA DE INC\u00caNDIOS E DEFESA CIVIL - Servi\u00e7o Municipal de Agua e Esgoto de Cajobi\",\"isPartOf\":{\"@id\":\"https:\/\/semaecajobi.com.br\/#website\"},\"datePublished\":\"2024-04-12T18:16:40+00:00\",\"dateModified\":\"2024-04-12T18:16:43+00:00\",\"breadcrumb\":{\"@id\":\"https:\/\/semaecajobi.com.br\/index.php\/2024\/04\/12\/formacao-e-treinamento-da-brigada-de-incendios-e-defesa-civil\/#breadcrumb\"},\"inLanguage\":\"pt-BR\",\"potentialAction\":[{\"@type\":\"ReadAction\",\"target\":[\"https:\/\/semaecajobi.com.br\/index.php\/2024\/04\/12\/formacao-e-treinamento-da-brigada-de-incendios-e-defesa-civil\/\"]}]},{\"@type\":\"BreadcrumbList\",\"@id\":\"https:\/\/semaecajobi.com.br\/index.php\/2024\/04\/12\/formacao-e-treinamento-da-brigada-de-incendios-e-defesa-civil\/#breadcrumb\",\"itemListElement\":[{\"@type\":\"ListItem\",\"position\":1,\"name\":\"In\u00edcio\",\"item\":\"https:\/\/semaecajobi.com.br\/\"},{\"@type\":\"ListItem\",\"position\":2,\"name\":\"FORMA\u00c7\u00c3O E TREINAMENTO DA BRIGADA DE INC\u00caNDIOS E DEFESA CIVIL\"}]},{\"@type\":\"WebSite\",\"@id\":\"https:\/\/semaecajobi.com.br\/#website\",\"url\":\"https:\/\/semaecajobi.com.br\/\",\"name\":\"Servi\u00e7o Municipal de Agua e Esgoto de Cajobi\",\"description\":\"\",\"publisher\":{\"@id\":\"https:\/\/semaecajobi.com.br\/#organization\"},\"potentialAction\":[{\"@type\":\"SearchAction\",\"target\":{\"@type\":\"EntryPoint\",\"urlTemplate\":\"https:\/\/semaecajobi.com.br\/?s={search_term_string}\"},\"query-input\":\"required name=search_term_string\"}],\"inLanguage\":\"pt-BR\"},{\"@type\":\"Organization\",\"@id\":\"https:\/\/semaecajobi.com.br\/#organization\",\"name\":\"Servi\u00e7o Municipal de Agua e Esgoto de Cajobi\",\"url\":\"https:\/\/semaecajobi.com.br\/\",\"logo\":{\"@type\":\"ImageObject\",\"inLanguage\":\"pt-BR\",\"@id\":\"https:\/\/semaecajobi.com.br\/#\/schema\/logo\/image\/\",\"url\":\"https:\/\/semaecajobi.com.br\/wp-content\/uploads\/2023\/04\/cropped-WhatsApp_Image_2023-04-01_at_18_52_12-transformed.png\",\"contentUrl\":\"https:\/\/semaecajobi.com.br\/wp-content\/uploads\/2023\/04\/cropped-WhatsApp_Image_2023-04-01_at_18_52_12-transformed.png\",\"width\":567,\"height\":92,\"caption\":\"Servi\u00e7o Municipal de Agua e Esgoto de Cajobi\"},\"image\":{\"@id\":\"https:\/\/semaecajobi.com.br\/#\/schema\/logo\/image\/\"}},{\"@type\":\"Person\",\"@id\":\"https:\/\/semaecajobi.com.br\/#\/schema\/person\/3e6d1a39f992459e673323fc6d9815ba\",\"name\":\"admin\",\"image\":{\"@type\":\"ImageObject\",\"inLanguage\":\"pt-BR\",\"@id\":\"https:\/\/semaecajobi.com.br\/#\/schema\/person\/image\/\",\"url\":\"https:\/\/secure.gravatar.com\/avatar\/a4fb38ff4a1ab3107ee497c008364d4f9a2de123771dd05224894e26900ac795?s=96&d=mm&r=g\",\"contentUrl\":\"https:\/\/secure.gravatar.com\/avatar\/a4fb38ff4a1ab3107ee497c008364d4f9a2de123771dd05224894e26900ac795?s=96&d=mm&r=g\",\"caption\":\"admin\"},\"sameAs\":[\"https:\/\/semaecajobi.com.br\"],\"url\":\"https:\/\/semaecajobi.com.br\/index.php\/author\/gustavobaldo\/\"}]}<\/script>\n<!-- \/ Yoast SEO plugin. -->","yoast_head_json":{"title":"FORMA\u00c7\u00c3O E TREINAMENTO DA BRIGADA DE INC\u00caNDIOS E DEFESA CIVIL - Servi\u00e7o Municipal de Agua e Esgoto de Cajobi","robots":{"index":"index","follow":"follow","max-snippet":"max-snippet:-1","max-image-preview":"max-image-preview:large","max-video-preview":"max-video-preview:-1"},"canonical":"https:\/\/semaecajobi.com.br\/index.php\/2024\/04\/12\/formacao-e-treinamento-da-brigada-de-incendios-e-defesa-civil\/","og_locale":"pt_BR","og_type":"article","og_title":"FORMA\u00c7\u00c3O E TREINAMENTO DA BRIGADA DE INC\u00caNDIOS E DEFESA CIVIL - Servi\u00e7o Municipal de Agua e Esgoto de Cajobi","og_description":"Na \u00faltima quinta-feira (11\/04), a Coordenadoria Municipal de Defesa Civil de Cajobi (COMDEC), Departamento de Meio Ambiente em parceria com o Corpo de Bombeiros da Cidade de Ol\u00edmpia promoveram a \u201c1\u00b0 Etapa de Forma\u00e7\u00e3o e Treinamento da Brigada de Inc\u00eandios e Defesa Civil\u201d. Na ocasi\u00e3o o Bombeiro SD Thiago Pasqual [&hellip;]","og_url":"https:\/\/semaecajobi.com.br\/index.php\/2024\/04\/12\/formacao-e-treinamento-da-brigada-de-incendios-e-defesa-civil\/","og_site_name":"Servi\u00e7o Municipal de Agua e Esgoto de Cajobi","article_published_time":"2024-04-12T18:16:40+00:00","article_modified_time":"2024-04-12T18:16:43+00:00","og_image":[{"width":1600,"height":900,"url":"https:\/\/semaecajobi.com.br\/wp-content\/uploads\/2024\/04\/5faa1bf9-6de3-49ad-ae49-dbcf2b1b4432.jpg","type":"image\/jpeg"}],"author":"admin","twitter_card":"summary_large_image","twitter_misc":{"Escrito por":"admin","Est. tempo de leitura":"1 minuto"},"schema":{"@context":"https:\/\/schema.org","@graph":[{"@type":"Article","@id":"https:\/\/semaecajobi.com.br\/index.php\/2024\/04\/12\/formacao-e-treinamento-da-brigada-de-incendios-e-defesa-civil\/#article","isPartOf":{"@id":"https:\/\/semaecajobi.com.br\/index.php\/2024\/04\/12\/formacao-e-treinamento-da-brigada-de-incendios-e-defesa-civil\/"},"author":{"name":"admin","@id":"https:\/\/semaecajobi.com.br\/#\/schema\/person\/3e6d1a39f992459e673323fc6d9815ba"},"headline":"FORMA\u00c7\u00c3O E TREINAMENTO DA BRIGADA DE INC\u00caNDIOS E DEFESA CIVIL","datePublished":"2024-04-12T18:16:40+00:00","dateModified":"2024-04-12T18:16:43+00:00","mainEntityOfPage":{"@id":"https:\/\/semaecajobi.com.br\/index.php\/2024\/04\/12\/formacao-e-treinamento-da-brigada-de-incendios-e-defesa-civil\/"},"wordCount":159,"commentCount":0,"publisher":{"@id":"https:\/\/semaecajobi.com.br\/#organization"},"articleSection":["CLIQUE AQUI E LEIA A NOT\u00cdCIA"],"inLanguage":"pt-BR","potentialAction":[{"@type":"CommentAction","name":"Comment","target":["https:\/\/semaecajobi.com.br\/index.php\/2024\/04\/12\/formacao-e-treinamento-da-brigada-de-incendios-e-defesa-civil\/#respond"]}]},{"@type":"WebPage","@id":"https:\/\/semaecajobi.com.br\/index.php\/2024\/04\/12\/formacao-e-treinamento-da-brigada-de-incendios-e-defesa-civil\/","url":"https:\/\/semaecajobi.com.br\/index.php\/2024\/04\/12\/formacao-e-treinamento-da-brigada-de-incendios-e-defesa-civil\/","name":"FORMA\u00c7\u00c3O E TREINAMENTO DA BRIGADA DE INC\u00caNDIOS E DEFESA CIVIL - Servi\u00e7o Municipal de Agua e Esgoto de Cajobi","isPartOf":{"@id":"https:\/\/semaecajobi.com.br\/#website"},"datePublished":"2024-04-12T18:16:40+00:00","dateModified":"2024-04-12T18:16:43+00:00","breadcrumb":{"@id":"https:\/\/semaecajobi.com.br\/index.php\/2024\/04\/12\/formacao-e-treinamento-da-brigada-de-incendios-e-defesa-civil\/#breadcrumb"},"inLanguage":"pt-BR","potentialAction":[{"@type":"ReadAction","target":["https:\/\/semaecajobi.com.br\/index.php\/2024\/04\/12\/formacao-e-treinamento-da-brigada-de-incendios-e-defesa-civil\/"]}]},{"@type":"BreadcrumbList","@id":"https:\/\/semaecajobi.com.br\/index.php\/2024\/04\/12\/formacao-e-treinamento-da-brigada-de-incendios-e-defesa-civil\/#breadcrumb","itemListElement":[{"@type":"ListItem","position":1,"name":"In\u00edcio","item":"https:\/\/semaecajobi.com.br\/"},{"@type":"ListItem","position":2,"name":"FORMA\u00c7\u00c3O E TREINAMENTO DA BRIGADA DE INC\u00caNDIOS E DEFESA CIVIL"}]},{"@type":"WebSite","@id":"https:\/\/semaecajobi.com.br\/#website","url":"https:\/\/semaecajobi.com.br\/","name":"Servi\u00e7o Municipal de Agua e Esgoto de Cajobi","description":"","publisher":{"@id":"https:\/\/semaecajobi.com.br\/#organization"},"potentialAction":[{"@type":"SearchAction","target":{"@type":"EntryPoint","urlTemplate":"https:\/\/semaecajobi.com.br\/?s={search_term_string}"},"query-input":"required name=search_term_string"}],"inLanguage":"pt-BR"},{"@type":"Organization","@id":"https:\/\/semaecajobi.com.br\/#organization","name":"Servi\u00e7o Municipal de Agua e Esgoto de Cajobi","url":"https:\/\/semaecajobi.com.br\/","logo":{"@type":"ImageObject","inLanguage":"pt-BR","@id":"https:\/\/semaecajobi.com.br\/#\/schema\/logo\/image\/","url":"https:\/\/semaecajobi.com.br\/wp-content\/uploads\/2023\/04\/cropped-WhatsApp_Image_2023-04-01_at_18_52_12-transformed.png","contentUrl":"https:\/\/semaecajobi.com.br\/wp-content\/uploads\/2023\/04\/cropped-WhatsApp_Image_2023-04-01_at_18_52_12-transformed.png","width":567,"height":92,"caption":"Servi\u00e7o Municipal de Agua e Esgoto de Cajobi"},"image":{"@id":"https:\/\/semaecajobi.com.br\/#\/schema\/logo\/image\/"}},{"@type":"Person","@id":"https:\/\/semaecajobi.com.br\/#\/schema\/person\/3e6d1a39f992459e673323fc6d9815ba","name":"admin","image":{"@type":"ImageObject","inLanguage":"pt-BR","@id":"https:\/\/semaecajobi.com.br\/#\/schema\/person\/image\/","url":"https:\/\/secure.gravatar.com\/avatar\/a4fb38ff4a1ab3107ee497c008364d4f9a2de123771dd05224894e26900ac795?s=96&d=mm&r=g","contentUrl":"https:\/\/secure.gravatar.com\/avatar\/a4fb38ff4a1ab3107ee497c008364d4f9a2de123771dd05224894e26900ac795?s=96&d=mm&r=g","caption":"admin"},"sameAs":["https:\/\/semaecajobi.com.br"],"url":"https:\/\/semaecajobi.com.br\/index.php\/author\/gustavobaldo\/"}]}},"_links":{"self":[{"href":"https:\/\/semaecajobi.com.br\/index.php\/wp-json\/wp\/v2\/posts\/241","targetHints":{"allow":["GET"]}}],"collection":[{"href":"https:\/\/semaecajobi.com.br\/index.php\/wp-json\/wp\/v2\/posts"}],"about":[{"href":"https:\/\/semaecajobi.com.br\/index.php\/wp-json\/wp\/v2\/types\/post"}],"author":[{"embeddable":true,"href":"https:\/\/semaecajobi.com.br\/index.php\/wp-json\/wp\/v2\/users\/1"}],"replies":[{"embeddable":true,"href":"https:\/\/semaecajobi.com.br\/index.php\/wp-json\/wp\/v2\/comments?post=241"}],"version-history":[{"count":1,"href":"https:\/\/semaecajobi.com.br\/index.php\/wp-json\/wp\/v2\/posts\/241\/revisions"}],"predecessor-version":[{"id":242,"href":"https:\/\/semaecajobi.com.br\/index.php\/wp-json\/wp\/v2\/posts\/241\/revisions\/242"}],"wp:featuredmedia":[{"embeddable":true,"href":"https:\/\/semaecajobi.com.br\/index.php\/wp-json\/wp\/v2\/media\/236"}],"wp:attachment":[{"href":"https:\/\/semaecajobi.com.br\/index.php\/wp-json\/wp\/v2\/media?parent=241"}],"wp:term":[{"taxonomy":"category","embeddable":true,"href":"https:\/\/semaecajobi.com.br\/index.php\/wp-json\/wp\/v2\/categories?post=241"},{"taxonomy":"post_tag","embeddable":true,"href":"https:\/\/semaecajobi.com.br\/index.php\/wp-json\/wp\/v2\/tags?post=241"}],"curies":[{"name":"wp","href":"https:\/\/api.w.org\/{rel}","templated":true}]}}